{"id":1072,"date":"2020-02-24T11:45:00","date_gmt":"2020-02-24T10:45:00","guid":{"rendered":"https:\/\/www.kennzeichenheld.de\/magazin\/?p=1072"},"modified":"2022-05-27T11:46:15","modified_gmt":"2022-05-27T09:46:15","slug":"ps-days-2022-in-hannover","status":"publish","type":"post","link":"https:\/\/www.kennzeichenheld.de\/magazin\/ps-days-2022-in-hannover\/","title":{"rendered":"PS Days 2022 in Hannover \u2013 Kennzeichenheld.de!"},"content":{"rendered":"\t\t<div data-elementor-type=\"wp-post\" data-elementor-id=\"1072\" class=\"elementor elementor-1072\">\n\t\t\t\t\t\t<section class=\"elementor-section elementor-top-section elementor-element elementor-element-ba5b775 elementor-section-boxed elementor-section-height-default elementor-section-height-default\" data-id=\"ba5b775\" data-element_type=\"section\" data-e-type=\"section\" data-settings=\"{&quot;background_background&quot;:&quot;classic&quot;}\">\n\t\t\t\t\t\t<div class=\"elementor-container elementor-column-gap-default\">\n\t\t\t\t\t<div class=\"elementor-column elementor-col-100 elementor-top-column elementor-element elementor-element-3c0ce407\" data-id=\"3c0ce407\" data-element_type=\"column\" data-e-type=\"column\">\n\t\t\t<div class=\"elementor-widget-wrap elementor-element-populated\">\n\t\t\t\t\t\t<div class=\"elementor-element elementor-element-252d761 elementor-widget elementor-widget-heading\" data-id=\"252d761\" data-element_type=\"widget\" data-e-type=\"widget\" data-widget_type=\"heading.default\">\n\t\t\t\t<div class=\"elementor-widget-container\">\n\t\t\t\t\t<h1 class=\"elementor-heading-title elementor-size-default\">PS Days 2022 in Hannover<\/h1>\t\t\t\t<\/div>\n\t\t\t\t<\/div>\n\t\t\t\t\t<\/div>\n\t\t<\/div>\n\t\t\t\t\t<\/div>\n\t\t<\/section>\n\t\t\t\t<section class=\"elementor-section elementor-top-section elementor-element elementor-element-7cb25b87 elementor-section-boxed elementor-section-height-default elementor-section-height-default\" data-id=\"7cb25b87\" data-element_type=\"section\" data-e-type=\"section\" data-settings=\"{&quot;background_background&quot;:&quot;classic&quot;}\">\n\t\t\t\t\t\t<div class=\"elementor-container elementor-column-gap-narrow\">\n\t\t\t\t\t<div class=\"elementor-column elementor-col-20 elementor-top-column elementor-element elementor-element-516507da elementor-hidden-phone\" data-id=\"516507da\" data-element_type=\"column\" data-e-type=\"column\">\n\t\t\t<div class=\"elementor-widget-wrap elementor-element-populated\">\n\t\t\t\t\t\t<div class=\"elementor-element elementor-element-704b1d8d elementor-tablet-align-center elementor-widget elementor-widget-raven-post-meta\" data-id=\"704b1d8d\" data-element_type=\"widget\" data-e-type=\"widget\" data-widget_type=\"raven-post-meta.default\">\n\t\t\t\t<div class=\"elementor-widget-container\">\n\t\t\t\t\t\t\t<ul class=\"raven-icon-list-items raven-post-meta\">\n\t\t\t\t\t<li class=\"raven-icon-list-item elementor-repeater-item-594ff4d\" itemprop=\"about\">\n\t\t\t\t\t\t\t\t\t<span class=\"raven-icon-list-icon\">\n\t\t\t\t\t\t\t<i aria-hidden=\"true\" class=\"fas fa-map-signs\"><\/i>\t\t\t\t\t<\/span>\n\t\t\t\t\t\t\t\t<span class=\"raven-icon-list-text raven-post-meta-item raven-post-meta-item-type-terms raven-terms-list\">\n\t\t\t\t\t\t\t\t\t\t<span class=\"raven-post-meta-terms-list\">\n\t\t\t\t<span class=\"raven-post-meta-terms-list-item\">Messen &amp; Events<\/span>\t\t\t\t<\/span>\n\t\t\t\t\t<\/span>\n\t\t\t\t\t\t\t\t<\/li>\n\t\t\t\t<\/ul>\n\t\t\t\t\t\t<\/div>\n\t\t\t\t<\/div>\n\t\t\t\t\t<\/div>\n\t\t<\/div>\n\t\t\t\t<div class=\"elementor-column elementor-col-20 elementor-top-column elementor-element elementor-element-7d97027f\" data-id=\"7d97027f\" data-element_type=\"column\" data-e-type=\"column\">\n\t\t\t<div class=\"elementor-widget-wrap elementor-element-populated\">\n\t\t\t\t\t\t<div class=\"elementor-element elementor-element-56e339fd elementor-mobile-align-center elementor-tablet-align-center elementor-widget elementor-widget-raven-post-meta\" data-id=\"56e339fd\" data-element_type=\"widget\" data-e-type=\"widget\" data-widget_type=\"raven-post-meta.default\">\n\t\t\t\t<div class=\"elementor-widget-container\">\n\t\t\t\t\t\t\t<ul class=\"raven-icon-list-items raven-post-meta\">\n\t\t\t\t\t<li class=\"raven-icon-list-item elementor-repeater-item-8a53839\" itemprop=\"datePublished\">\n\t\t\t\t\t\t\t\t\t<span class=\"raven-icon-list-icon\">\n\t\t\t\t\t\t\t<i aria-hidden=\"true\" class=\"far fa-calendar-alt\"><\/i>\t\t\t\t\t<\/span>\n\t\t\t\t\t\t\t\t<span class=\"raven-icon-list-text raven-post-meta-item raven-post-meta-item-type-date\">\n\t\t\t\t\t\t\t\t\t\t24. 02. 2020\t\t\t\t\t<\/span>\n\t\t\t\t\t\t\t\t<\/li>\n\t\t\t\t<\/ul>\n\t\t\t\t\t\t<\/div>\n\t\t\t\t<\/div>\n\t\t\t\t\t<\/div>\n\t\t<\/div>\n\t\t\t\t<div class=\"elementor-column elementor-col-20 elementor-top-column elementor-element elementor-element-757490ab\" data-id=\"757490ab\" data-element_type=\"column\" data-e-type=\"column\">\n\t\t\t<div class=\"elementor-widget-wrap elementor-element-populated\">\n\t\t\t\t\t\t<div class=\"elementor-element elementor-element-32bfd40f elementor-mobile-align-center elementor-tablet-align-center elementor-widget elementor-widget-raven-post-meta\" data-id=\"32bfd40f\" data-element_type=\"widget\" data-e-type=\"widget\" data-widget_type=\"raven-post-meta.default\">\n\t\t\t\t<div class=\"elementor-widget-container\">\n\t\t\t\t\t\t\t<ul class=\"raven-icon-list-items raven-post-meta\">\n\t\t\t\t\t<li class=\"raven-icon-list-item elementor-repeater-item-8a53839\">\n\t\t\t\t\t\t\t\t\t<span class=\"raven-icon-list-icon\">\n\t\t\t\t\t\t\t<i aria-hidden=\"true\" class=\"far fa-hourglass\"><\/i>\t\t\t\t\t<\/span>\n\t\t\t\t\t\t\t\t<span class=\"raven-icon-list-text raven-post-meta-item raven-post-meta-item-type-custom\">\n\t\t\t\t\t\t\t\t\t\tLesezeit  2 Min.\t\t\t\t\t<\/span>\n\t\t\t\t\t\t\t\t<\/li>\n\t\t\t\t<\/ul>\n\t\t\t\t\t\t<\/div>\n\t\t\t\t<\/div>\n\t\t\t\t\t<\/div>\n\t\t<\/div>\n\t\t\t\t<div class=\"elementor-column elementor-col-20 elementor-top-column elementor-element elementor-element-42e463a0 elementor-hidden-phone elementor-hidden-tablet\" data-id=\"42e463a0\" data-element_type=\"column\" data-e-type=\"column\">\n\t\t\t<div class=\"elementor-widget-wrap\">\n\t\t\t\t\t\t\t<\/div>\n\t\t<\/div>\n\t\t\t\t<div class=\"elementor-column elementor-col-20 elementor-top-column elementor-element elementor-element-5aa1c63a elementor-hidden-phone elementor-hidden-tablet\" data-id=\"5aa1c63a\" data-element_type=\"column\" data-e-type=\"column\">\n\t\t\t<div class=\"elementor-widget-wrap\">\n\t\t\t\t\t\t\t<\/div>\n\t\t<\/div>\n\t\t\t\t\t<\/div>\n\t\t<\/section>\n\t\t\t\t<section class=\"elementor-section elementor-top-section elementor-element elementor-element-491a4fd5 elementor-section-boxed elementor-section-height-default elementor-section-height-default\" data-id=\"491a4fd5\" data-element_type=\"section\" data-e-type=\"section\" data-settings=\"{&quot;background_background&quot;:&quot;classic&quot;}\">\n\t\t\t\t\t\t<div class=\"elementor-container elementor-column-gap-default\">\n\t\t\t\t\t<div class=\"elementor-column elementor-col-100 elementor-top-column elementor-element elementor-element-2f48e319\" data-id=\"2f48e319\" data-element_type=\"column\" data-e-type=\"column\">\n\t\t\t<div class=\"elementor-widget-wrap elementor-element-populated\">\n\t\t\t\t\t\t<div class=\"elementor-element elementor-element-6ae375fd elementor-widget-divider--view-line elementor-widget elementor-widget-divider\" data-id=\"6ae375fd\" data-element_type=\"widget\" data-e-type=\"widget\" data-widget_type=\"divider.default\">\n\t\t\t\t<div class=\"elementor-widget-container\">\n\t\t\t\t\t\t\t<div class=\"elementor-divider\">\n\t\t\t<span class=\"elementor-divider-separator\">\n\t\t\t\t\t\t<\/span>\n\t\t<\/div>\n\t\t\t\t\t\t<\/div>\n\t\t\t\t<\/div>\n\t\t\t\t<div class=\"elementor-element elementor-element-28fb6004 elementor-widget elementor-widget-text-editor\" data-id=\"28fb6004\" data-element_type=\"widget\" data-e-type=\"widget\" data-widget_type=\"text-editor.default\">\n\t\t\t\t<div class=\"elementor-widget-container\">\n\t\t\t\t\t\t\t\t\t<p>Im Sommer 2022 finden zum ersten Mal die <a href=\"https:\/\/www.psdays.com\/\" rel=\"noopener\">Performance &amp; Style Days<\/a> (PS Days) in Hannover statt. Damit wird das Messegel\u00e4nde der nieders\u00e4chsischen Landeshauptstadt im Sommer zum neuen Pilgerort der Motorsport- und Tuningszene Europas.<\/p>\t\t\t\t\t\t\t\t<\/div>\n\t\t\t\t<\/div>\n\t\t\t\t<div class=\"elementor-element elementor-element-42cff20c elementor-widget elementor-widget-text-editor\" data-id=\"42cff20c\" data-element_type=\"widget\" data-e-type=\"widget\" data-widget_type=\"text-editor.default\">\n\t\t\t\t<div class=\"elementor-widget-container\">\n\t\t\t\t\t\t\t\t\t<p>In der Zeit vom 08.07. \u2013 10.07. werden<span style=\"font-family: -apple-system, BlinkMacSystemFont, &quot;Segoe UI&quot;, Roboto, &quot;Helvetica Neue&quot;, Arial, sans-serif, &quot;Apple Color Emoji&quot;, &quot;Segoe UI Emoji&quot;, &quot;Segoe UI Symbol&quot;;\">&nbsp;bekannte Marken wie <\/span><a href=\"https:\/\/www.jp-performance.de\/\" style=\"background-color: rgb(255, 255, 255); font-family: -apple-system, BlinkMacSystemFont, &quot;Segoe UI&quot;, Roboto, &quot;Helvetica Neue&quot;, Arial, sans-serif, &quot;Apple Color Emoji&quot;, &quot;Segoe UI Emoji&quot;, &quot;Segoe UI Symbol&quot;;\" rel=\"noopener\">JP Performance<\/a><span style=\"font-family: -apple-system, BlinkMacSystemFont, &quot;Segoe UI&quot;, Roboto, &quot;Helvetica Neue&quot;, Arial, sans-serif, &quot;Apple Color Emoji&quot;, &quot;Segoe UI Emoji&quot;, &quot;Segoe UI Symbol&quot;;\">, <\/span><a href=\"https:\/\/chemicalguys-shop.de\/\" style=\"background-color: rgb(255, 255, 255); font-family: -apple-system, BlinkMacSystemFont, &quot;Segoe UI&quot;, Roboto, &quot;Helvetica Neue&quot;, Arial, sans-serif, &quot;Apple Color Emoji&quot;, &quot;Segoe UI Emoji&quot;, &quot;Segoe UI Symbol&quot;;\" rel=\"noopener\">Chemical Guys<\/a><span style=\"font-family: -apple-system, BlinkMacSystemFont, &quot;Segoe UI&quot;, Roboto, &quot;Helvetica Neue&quot;, Arial, sans-serif, &quot;Apple Color Emoji&quot;, &quot;Segoe UI Emoji&quot;, &quot;Segoe UI Symbol&quot;;\">, <\/span><a href=\"https:\/\/www.hg-motorsport.de\/\" style=\"background-color: rgb(255, 255, 255); font-family: -apple-system, BlinkMacSystemFont, &quot;Segoe UI&quot;, Roboto, &quot;Helvetica Neue&quot;, Arial, sans-serif, &quot;Apple Color Emoji&quot;, &quot;Segoe UI Emoji&quot;, &quot;Segoe UI Symbol&quot;;\" rel=\"noopener\">HG Motorsport<\/a><span style=\"font-family: -apple-system, BlinkMacSystemFont, &quot;Segoe UI&quot;, Roboto, &quot;Helvetica Neue&quot;, Arial, sans-serif, &quot;Apple Color Emoji&quot;, &quot;Segoe UI Emoji&quot;, &quot;Segoe UI Symbol&quot;;\">, <\/span><a href=\"https:\/\/levella.de\/\" style=\"background-color: rgb(255, 255, 255); font-family: -apple-system, BlinkMacSystemFont, &quot;Segoe UI&quot;, Roboto, &quot;Helvetica Neue&quot;, Arial, sans-serif, &quot;Apple Color Emoji&quot;, &quot;Segoe UI Emoji&quot;, &quot;Segoe UI Symbol&quot;;\" rel=\"noopener\">Levella<\/a><span style=\"font-family: -apple-system, BlinkMacSystemFont, &quot;Segoe UI&quot;, Roboto, &quot;Helvetica Neue&quot;, Arial, sans-serif, &quot;Apple Color Emoji&quot;, &quot;Segoe UI Emoji&quot;, &quot;Segoe UI Symbol&quot;;\">, <\/span><a href=\"https:\/\/null-bar.de\/\" style=\"background-color: rgb(255, 255, 255); font-family: -apple-system, BlinkMacSystemFont, &quot;Segoe UI&quot;, Roboto, &quot;Helvetica Neue&quot;, Arial, sans-serif, &quot;Apple Color Emoji&quot;, &quot;Segoe UI Emoji&quot;, &quot;Segoe UI Symbol&quot;;\" rel=\"noopener\">null-bar<\/a><span style=\"font-family: -apple-system, BlinkMacSystemFont, &quot;Segoe UI&quot;, Roboto, &quot;Helvetica Neue&quot;, Arial, sans-serif, &quot;Apple Color Emoji&quot;, &quot;Segoe UI Emoji&quot;, &quot;Segoe UI Symbol&quot;;\">, <\/span><a href=\"https:\/\/vossenwheels.com\/\" style=\"background-color: rgb(255, 255, 255); font-family: -apple-system, BlinkMacSystemFont, &quot;Segoe UI&quot;, Roboto, &quot;Helvetica Neue&quot;, Arial, sans-serif, &quot;Apple Color Emoji&quot;, &quot;Segoe UI Emoji&quot;, &quot;Segoe UI Symbol&quot;;\" rel=\"noopener\">Vossen Wheels<\/a><span style=\"font-family: -apple-system, BlinkMacSystemFont, &quot;Segoe UI&quot;, Roboto, &quot;Helvetica Neue&quot;, Arial, sans-serif, &quot;Apple Color Emoji&quot;, &quot;Segoe UI Emoji&quot;, &quot;Segoe UI Symbol&quot;;\">, <\/span><a href=\"https:\/\/www.waschhelden.de\/\" style=\"background-color: rgb(255, 255, 255); font-family: -apple-system, BlinkMacSystemFont, &quot;Segoe UI&quot;, Roboto, &quot;Helvetica Neue&quot;, Arial, sans-serif, &quot;Apple Color Emoji&quot;, &quot;Segoe UI Emoji&quot;, &quot;Segoe UI Symbol&quot;;\" rel=\"noopener\">Waschhelden<\/a><span style=\"font-family: -apple-system, BlinkMacSystemFont, &quot;Segoe UI&quot;, Roboto, &quot;Helvetica Neue&quot;, Arial, sans-serif, &quot;Apple Color Emoji&quot;, &quot;Segoe UI Emoji&quot;, &quot;Segoe UI Symbol&quot;;\"> uvm. in den Messehallen vertreten sein und daf\u00fcr sorgen, dass die PS Days in Hannover ein fester Bestandteil im <\/span><a href=\"https:\/\/www.kennzeichenheld.de\/in\/automessen-in-deutschland-2020\/\" style=\"background-color: rgb(255, 255, 255); font-family: -apple-system, BlinkMacSystemFont, &quot;Segoe UI&quot;, Roboto, &quot;Helvetica Neue&quot;, Arial, sans-serif, &quot;Apple Color Emoji&quot;, &quot;Segoe UI Emoji&quot;, &quot;Segoe UI Symbol&quot;;\">Eventkalender<\/a><span style=\"font-family: -apple-system, BlinkMacSystemFont, &quot;Segoe UI&quot;, Roboto, &quot;Helvetica Neue&quot;, Arial, sans-serif, &quot;Apple Color Emoji&quot;, &quot;Segoe UI Emoji&quot;, &quot;Segoe UI Symbol&quot;;\"> der Tuning-und Motorsport Szene werden.<\/span><\/p>\n<p>Die Ausstellungsthemen der PS Days 2022 in Hannover sind: R\u00e4der &amp; Reifen, Fahrwerk &amp; Performance, Optik, Karosserie &amp; Lack, Pflege &amp; Reinigung, Wartung &amp; Reparatur, Audio &amp; Technik sowie Bereiche f\u00fcr Lifestyle &amp; Fashion. Fahrzeuge und Motorr\u00e4der von Herstellern werden sich auf eigenen Bereichen pr\u00e4sentieren und auch an privaten Fahrzeugen darf es nicht fehlen. Auf einer speziellen Fl\u00e4che werden Private Cars gezeigt und nationale sowie internationale Communitys k\u00f6nnen sich hier in Szene setzen.<\/p>\n<p>Neben der Messe an sich freuen wir uns vor allem auf die <a href=\"http:\/\/www.xs-edition.de\/carnight.php\" rel=\"noopener\">XS Carnight<\/a>, die am Samstagabend im Rahmen der PS Days Station machen und so renommierte und internationale Top-Fahrzeuge ausstellen wird. Hier werden nur streng kuratierte Fahrzeuge unter dem Dach des EXPO-Dach zu sehen sein.<\/p>\n<p>Online wird die Tageskarte f\u00fcr Besucher 15 Euro kosten, die Dauerkarte 32 Euro und die Familienkarte 35 Euro. Das Kombi-Tagesticket f\u00fcr den Besuch der XS Carnight kostet 29 Euro, als Dauerticket 45 Euro. An der Tageskasse gibt es einen Zuschlag von 2 \u20ac pro Ticket, jedoch auch ein erm\u00e4\u00dfigtes Tagesticket f\u00fcr 12 \u20ac. &nbsp;<\/p>\n<p>Weitere Informationen zu unserem Messeauftritt folgen.<\/p>\t\t\t\t\t\t\t\t<\/div>\n\t\t\t\t<\/div>\n\t\t\t\t\t<\/div>\n\t\t<\/div>\n\t\t\t\t\t<\/div>\n\t\t<\/section>\n\t\t\t\t<section class=\"elementor-section elementor-top-section elementor-element elementor-element-574639ba elementor-section-boxed elementor-section-height-default elementor-section-height-default\" data-id=\"574639ba\" data-element_type=\"section\" data-e-type=\"section\" data-settings=\"{&quot;background_background&quot;:&quot;classic&quot;}\">\n\t\t\t\t\t\t<div class=\"elementor-container elementor-column-gap-default\">\n\t\t\t\t\t<div class=\"elementor-column elementor-col-100 elementor-top-column elementor-element elementor-element-9318d1d\" data-id=\"9318d1d\" data-element_type=\"column\" data-e-type=\"column\">\n\t\t\t<div class=\"elementor-widget-wrap elementor-element-populated\">\n\t\t\t\t\t\t<div class=\"elementor-element elementor-element-2d0c0f92 elementor-widget elementor-widget-heading\" data-id=\"2d0c0f92\" data-element_type=\"widget\" data-e-type=\"widget\" data-widget_type=\"heading.default\">\n\t\t\t\t<div class=\"elementor-widget-container\">\n\t\t\t\t\t<h2 class=\"elementor-heading-title elementor-size-default\">Offizieller Trailer von den PS Days 2020<\/h2>\t\t\t\t<\/div>\n\t\t\t\t<\/div>\n\t\t\t\t<div class=\"elementor-element elementor-element-619276c2 elementor-widget elementor-widget-video\" data-id=\"619276c2\" data-element_type=\"widget\" data-e-type=\"widget\" data-settings=\"{&quot;youtube_url&quot;:&quot;https:\\\/\\\/www.youtube.com\\\/watch?v=OVnM4pkeTI4&amp;feature=emb_title&quot;,&quot;video_type&quot;:&quot;youtube&quot;,&quot;controls&quot;:&quot;yes&quot;}\" data-widget_type=\"video.default\">\n\t\t\t\t<div class=\"elementor-widget-container\">\n\t\t\t\t\t\t\t<div class=\"elementor-wrapper elementor-open-inline\">\n\t\t\t<div class=\"elementor-video\"><\/div>\t\t<\/div>\n\t\t\t\t\t\t<\/div>\n\t\t\t\t<\/div>\n\t\t\t\t<div class=\"elementor-element elementor-element-a503fa elementor-widget elementor-widget-spacer\" data-id=\"a503fa\" data-element_type=\"widget\" data-e-type=\"widget\" data-widget_type=\"spacer.default\">\n\t\t\t\t<div class=\"elementor-widget-container\">\n\t\t\t\t\t\t\t<div class=\"elementor-spacer\">\n\t\t\t<div class=\"elementor-spacer-inner\"><\/div>\n\t\t<\/div>\n\t\t\t\t\t\t<\/div>\n\t\t\t\t<\/div>\n\t\t\t\t<div class=\"elementor-element elementor-element-18f6116c elementor-widget elementor-widget-heading\" data-id=\"18f6116c\" data-element_type=\"widget\" data-e-type=\"widget\" data-widget_type=\"heading.default\">\n\t\t\t\t<div class=\"elementor-widget-container\">\n\t\t\t\t\t<h3 class=\"elementor-heading-title elementor-size-default\">Empfohlene Beitr\u00e4ge<\/h3>\t\t\t\t<\/div>\n\t\t\t\t<\/div>\n\t\t\t\t<div class=\"elementor-element elementor-element-3e5a2616 elementor-widget elementor-widget-raven-posts\" data-id=\"3e5a2616\" data-element_type=\"widget\" data-e-type=\"widget\" data-settings=\"{&quot;query_posts_per_page&quot;:3,&quot;_skin&quot;:&quot;classic&quot;,&quot;classic_layout&quot;:&quot;grid&quot;,&quot;classic_columns&quot;:&quot;3&quot;,&quot;classic_columns_tablet&quot;:&quot;2&quot;,&quot;classic_columns_mobile&quot;:&quot;1&quot;,&quot;query_offset&quot;:0}\" data-widget_type=\"raven-posts.classic\">\n\t\t\t\t<div class=\"elementor-widget-container\">\n\t\t\t\t\t\t\t<div class=\"raven-posts raven-grid raven-grid-3 raven-grid-mobile-1 raven-grid-tablet-2\" data-post-id=\"1072\" data-archive-query=\"\" data-lang=\"\">\n\t\t\t\t<div class=\"raven-grid-item raven-post-item post-11652 post type-post status-publish format-standard has-post-thumbnail hentry category-wissen-recht\">\n\t\t\t<div class=\"raven-post\">\n\t\t\t\t\t\t<div class=\"raven-post-image-wrap\">\n\t\t\t<a class=\"raven-post-image raven-image-fit\" href=\"https:\/\/www.kennzeichenheld.de\/magazin\/bestes-leasingangebot-erkennen\/\"><img loading=\"lazy\" decoding=\"async\" width=\"550\" height=\"550\" src=\"https:\/\/www.kennzeichenheld.de\/magazin\/wp-content\/uploads\/audi-kennzeichen-elektro.jpg\" class=\"attachment-full size-full wp-image-9102\" alt=\"\" srcset=\"https:\/\/www.kennzeichenheld.de\/magazin\/wp-content\/uploads\/audi-kennzeichen-elektro.jpg 550w, https:\/\/www.kennzeichenheld.de\/magazin\/wp-content\/uploads\/audi-kennzeichen-elektro-300x300.jpg 300w, https:\/\/www.kennzeichenheld.de\/magazin\/wp-content\/uploads\/audi-kennzeichen-elektro-150x150.jpg 150w, https:\/\/www.kennzeichenheld.de\/magazin\/wp-content\/uploads\/audi-kennzeichen-elektro-500x500.jpg 500w\" sizes=\"auto, (max-width: 550px) 100vw, 550px\" \/> <span class=\"raven-post-image-overlay\"><\/span><\/a>\t\t<\/div>\n\t\t\t\t\t\t<div class=\"raven-post-content\">\n\t\t\t\t\t<span class=\"raven-post-title\"><a class=\"raven-post-title-link\" href=\"https:\/\/www.kennzeichenheld.de\/magazin\/bestes-leasingangebot-erkennen\/\">Leasing im Check: F\u00fcr das beste Angebot<\/a><\/span>\t\t<div class=\"raven-post-read-more\">\n\t\t\t<a class=\"raven-post-button\" href=\"https:\/\/www.kennzeichenheld.de\/magazin\/bestes-leasingangebot-erkennen\/\"><span class=\"raven-post-button-text\">mehr erfahren<\/span><\/a>\n\t\t<\/div>\n\t\t\t\t\t\t<\/div>\n\t\t\t<\/div>\n\t\t<\/div>\n\t\t\t\t<div class=\"raven-grid-item raven-post-item post-11406 post type-post status-publish format-standard has-post-thumbnail hentry category-wissen-recht\">\n\t\t\t<div class=\"raven-post\">\n\t\t\t\t\t\t<div class=\"raven-post-image-wrap\">\n\t\t\t<a class=\"raven-post-image raven-image-fit\" href=\"https:\/\/www.kennzeichenheld.de\/magazin\/mit-dem-e-auto-durch-die-stadt\/\"><img loading=\"lazy\" decoding=\"async\" width=\"1320\" height=\"400\" src=\"https:\/\/www.kennzeichenheld.de\/magazin\/wp-content\/uploads\/3d-e-kennzeichen.jpg\" class=\"attachment-full size-full wp-image-4265\" alt=\"3D E-Kennzeichen\" srcset=\"https:\/\/www.kennzeichenheld.de\/magazin\/wp-content\/uploads\/3d-e-kennzeichen.jpg 1320w, https:\/\/www.kennzeichenheld.de\/magazin\/wp-content\/uploads\/3d-e-kennzeichen-300x91.jpg 300w, https:\/\/www.kennzeichenheld.de\/magazin\/wp-content\/uploads\/3d-e-kennzeichen-1024x310.jpg 1024w, https:\/\/www.kennzeichenheld.de\/magazin\/wp-content\/uploads\/3d-e-kennzeichen-768x233.jpg 768w\" sizes=\"auto, (max-width: 1320px) 100vw, 1320px\" \/> <span class=\"raven-post-image-overlay\"><\/span><\/a>\t\t<\/div>\n\t\t\t\t\t\t<div class=\"raven-post-content\">\n\t\t\t\t\t<span class=\"raven-post-title\"><a class=\"raven-post-title-link\" href=\"https:\/\/www.kennzeichenheld.de\/magazin\/mit-dem-e-auto-durch-die-stadt\/\">Mit dem E-Auto durch die Stadt<\/a><\/span>\t\t<div class=\"raven-post-read-more\">\n\t\t\t<a class=\"raven-post-button\" href=\"https:\/\/www.kennzeichenheld.de\/magazin\/mit-dem-e-auto-durch-die-stadt\/\"><span class=\"raven-post-button-text\">mehr erfahren<\/span><\/a>\n\t\t<\/div>\n\t\t\t\t\t\t<\/div>\n\t\t\t<\/div>\n\t\t<\/div>\n\t\t\t\t<div class=\"raven-grid-item raven-post-item post-11386 post type-post status-publish format-standard has-post-thumbnail hentry category-wissen-recht\">\n\t\t\t<div class=\"raven-post\">\n\t\t\t\t\t\t<div class=\"raven-post-image-wrap\">\n\t\t\t<a class=\"raven-post-image raven-image-fit\" href=\"https:\/\/www.kennzeichenheld.de\/magazin\/auto-bewerten-so-gehst-du-vor\/\"><img loading=\"lazy\" decoding=\"async\" width=\"1320\" height=\"400\" src=\"https:\/\/www.kennzeichenheld.de\/magazin\/wp-content\/uploads\/zombie-hunter.jpg\" class=\"attachment-full size-full wp-image-1659\" alt=\"\" srcset=\"https:\/\/www.kennzeichenheld.de\/magazin\/wp-content\/uploads\/zombie-hunter.jpg 1320w, https:\/\/www.kennzeichenheld.de\/magazin\/wp-content\/uploads\/zombie-hunter-300x91.jpg 300w, https:\/\/www.kennzeichenheld.de\/magazin\/wp-content\/uploads\/zombie-hunter-1024x310.jpg 1024w, https:\/\/www.kennzeichenheld.de\/magazin\/wp-content\/uploads\/zombie-hunter-768x233.jpg 768w\" sizes=\"auto, (max-width: 1320px) 100vw, 1320px\" \/> <span class=\"raven-post-image-overlay\"><\/span><\/a>\t\t<\/div>\n\t\t\t\t\t\t<div class=\"raven-post-content\">\n\t\t\t\t\t<span class=\"raven-post-title\"><a class=\"raven-post-title-link\" href=\"https:\/\/www.kennzeichenheld.de\/magazin\/auto-bewerten-so-gehst-du-vor\/\">Auto bewerten: So gehst du vor!<\/a><\/span>\t\t<div class=\"raven-post-read-more\">\n\t\t\t<a class=\"raven-post-button\" href=\"https:\/\/www.kennzeichenheld.de\/magazin\/auto-bewerten-so-gehst-du-vor\/\"><span class=\"raven-post-button-text\">mehr erfahren<\/span><\/a>\n\t\t<\/div>\n\t\t\t\t\t\t<\/div>\n\t\t\t<\/div>\n\t\t<\/div>\n\t\t\t\t<\/div>\n\t\t\t\t\t\t<\/div>\n\t\t\t\t<\/div>\n\t\t\t\t<div class=\"elementor-element elementor-element-018ca8f elementor-widget elementor-widget-spacer\" data-id=\"018ca8f\" data-element_type=\"widget\" data-e-type=\"widget\" data-widget_type=\"spacer.default\">\n\t\t\t\t<div class=\"elementor-widget-container\">\n\t\t\t\t\t\t\t<div class=\"elementor-spacer\">\n\t\t\t<div class=\"elementor-spacer-inner\"><\/div>\n\t\t<\/div>\n\t\t\t\t\t\t<\/div>\n\t\t\t\t<\/div>\n\t\t\t\t\t<\/div>\n\t\t<\/div>\n\t\t\t\t\t<\/div>\n\t\t<\/section>\n\t\t\t\t<\/div>\n\t\t","protected":false},"excerpt":{"rendered":"<p>PS Days 2022 in Hannover Messen &amp; Events 24. 02. 2020 Lesezeit 2 Min. Im Sommer 2022 finden zum ersten Mal die Performance &amp; Style Days (PS Days) in Hannover statt. Damit wird das Messegel\u00e4nde der nieders\u00e4chsischen Landeshauptstadt im Sommer zum neuen Pilgerort der Motorsport- und Tuningszene Europas. In der Zeit vom 08.07. \u2013 10.07. [&hellip;]<\/p>\n","protected":false},"author":4,"featured_media":2068,"comment_status":"open","ping_status":"open","sticky":false,"template":"","format":"standard","meta":{"_acf_changed":false,"footnotes":""},"categories":[9],"tags":[],"class_list":["post-1072","post","type-post","status-publish","format-standard","has-post-thumbnail","hentry","category-messen-events"],"acf":[],"_links":{"self":[{"href":"https:\/\/www.kennzeichenheld.de\/magazin\/wp-json\/wp\/v2\/posts\/1072","targetHints":{"allow":["GET"]}}],"collection":[{"href":"https:\/\/www.kennzeichenheld.de\/magazin\/wp-json\/wp\/v2\/posts"}],"about":[{"href":"https:\/\/www.kennzeichenheld.de\/magazin\/wp-json\/wp\/v2\/types\/post"}],"author":[{"embeddable":true,"href":"https:\/\/www.kennzeichenheld.de\/magazin\/wp-json\/wp\/v2\/users\/4"}],"replies":[{"embeddable":true,"href":"https:\/\/www.kennzeichenheld.de\/magazin\/wp-json\/wp\/v2\/comments?post=1072"}],"version-history":[{"count":0,"href":"https:\/\/www.kennzeichenheld.de\/magazin\/wp-json\/wp\/v2\/posts\/1072\/revisions"}],"wp:featuredmedia":[{"embeddable":true,"href":"https:\/\/www.kennzeichenheld.de\/magazin\/wp-json\/wp\/v2\/media\/2068"}],"wp:attachment":[{"href":"https:\/\/www.kennzeichenheld.de\/magazin\/wp-json\/wp\/v2\/media?parent=1072"}],"wp:term":[{"taxonomy":"category","embeddable":true,"href":"https:\/\/www.kennzeichenheld.de\/magazin\/wp-json\/wp\/v2\/categories?post=1072"},{"taxonomy":"post_tag","embeddable":true,"href":"https:\/\/www.kennzeichenheld.de\/magazin\/wp-json\/wp\/v2\/tags?post=1072"}],"curies":[{"name":"wp","href":"https:\/\/api.w.org\/{rel}","templated":true}]}}