{"id":1019,"date":"2019-10-25T10:34:00","date_gmt":"2019-10-25T08:34:00","guid":{"rendered":"https:\/\/www.kennzeichenheld.de\/magazin\/?p=1019"},"modified":"2025-06-11T08:09:17","modified_gmt":"2025-06-11T06:09:17","slug":"automessen-in-deutschland-2020","status":"publish","type":"post","link":"https:\/\/www.kennzeichenheld.de\/magazin\/automessen-in-deutschland-2020\/","title":{"rendered":"Automessen in Deutschland 2020"},"content":{"rendered":"\t\t<div data-elementor-type=\"wp-post\" data-elementor-id=\"1019\" class=\"elementor elementor-1019\">\n\t\t\t\t\t\t<section class=\"elementor-section elementor-top-section elementor-element elementor-element-43a6a69e elementor-section-boxed elementor-section-height-default elementor-section-height-default\" data-id=\"43a6a69e\" data-element_type=\"section\" data-e-type=\"section\" data-settings=\"{&quot;background_background&quot;:&quot;classic&quot;}\">\n\t\t\t\t\t\t<div class=\"elementor-container elementor-column-gap-default\">\n\t\t\t\t\t<div class=\"elementor-column elementor-col-100 elementor-top-column elementor-element elementor-element-1289d178\" data-id=\"1289d178\" data-element_type=\"column\" data-e-type=\"column\">\n\t\t\t<div class=\"elementor-widget-wrap elementor-element-populated\">\n\t\t\t\t\t\t<div class=\"elementor-element elementor-element-68b93632 elementor-widget elementor-widget-heading\" data-id=\"68b93632\" data-element_type=\"widget\" data-e-type=\"widget\" data-widget_type=\"heading.default\">\n\t\t\t\t<div class=\"elementor-widget-container\">\n\t\t\t\t\t<h1 class=\"elementor-heading-title elementor-size-default\">Automessen in Deutschland 2020<\/h1>\t\t\t\t<\/div>\n\t\t\t\t<\/div>\n\t\t\t\t\t<\/div>\n\t\t<\/div>\n\t\t\t\t\t<\/div>\n\t\t<\/section>\n\t\t\t\t<section class=\"elementor-section elementor-top-section elementor-element elementor-element-4c969e30 elementor-section-boxed elementor-section-height-default elementor-section-height-default\" data-id=\"4c969e30\" data-element_type=\"section\" data-e-type=\"section\" data-settings=\"{&quot;background_background&quot;:&quot;classic&quot;}\">\n\t\t\t\t\t\t<div class=\"elementor-container elementor-column-gap-narrow\">\n\t\t\t\t\t<div class=\"elementor-column elementor-col-20 elementor-top-column elementor-element elementor-element-584e722b elementor-hidden-phone\" data-id=\"584e722b\" data-element_type=\"column\" data-e-type=\"column\">\n\t\t\t<div class=\"elementor-widget-wrap elementor-element-populated\">\n\t\t\t\t\t\t<div class=\"elementor-element elementor-element-b016ea elementor-tablet-align-center elementor-widget elementor-widget-raven-post-meta\" data-id=\"b016ea\" data-element_type=\"widget\" data-e-type=\"widget\" data-widget_type=\"raven-post-meta.default\">\n\t\t\t\t<div class=\"elementor-widget-container\">\n\t\t\t\t\t\t\t<ul class=\"raven-icon-list-items raven-post-meta\">\n\t\t\t\t\t<li class=\"raven-icon-list-item elementor-repeater-item-594ff4d\" itemprop=\"about\">\n\t\t\t\t\t\t\t\t\t<span class=\"raven-icon-list-icon\">\n\t\t\t\t\t\t\t<i aria-hidden=\"true\" class=\"fas fa-map-signs\"><\/i>\t\t\t\t\t<\/span>\n\t\t\t\t\t\t\t\t<span class=\"raven-icon-list-text raven-post-meta-item raven-post-meta-item-type-terms raven-terms-list\">\n\t\t\t\t\t\t\t\t\t\t<span class=\"raven-post-meta-terms-list\">\n\t\t\t\t<span class=\"raven-post-meta-terms-list-item\">Messen &amp; Events<\/span>\t\t\t\t<\/span>\n\t\t\t\t\t<\/span>\n\t\t\t\t\t\t\t\t<\/li>\n\t\t\t\t<\/ul>\n\t\t\t\t\t\t<\/div>\n\t\t\t\t<\/div>\n\t\t\t\t\t<\/div>\n\t\t<\/div>\n\t\t\t\t<div class=\"elementor-column elementor-col-20 elementor-top-column elementor-element elementor-element-64e6c73f\" data-id=\"64e6c73f\" data-element_type=\"column\" data-e-type=\"column\">\n\t\t\t<div class=\"elementor-widget-wrap elementor-element-populated\">\n\t\t\t\t\t\t<div class=\"elementor-element elementor-element-197e79e8 elementor-mobile-align-center elementor-tablet-align-center elementor-widget elementor-widget-raven-post-meta\" data-id=\"197e79e8\" data-element_type=\"widget\" data-e-type=\"widget\" data-widget_type=\"raven-post-meta.default\">\n\t\t\t\t<div class=\"elementor-widget-container\">\n\t\t\t\t\t\t\t<ul class=\"raven-icon-list-items raven-post-meta\">\n\t\t\t\t\t<li class=\"raven-icon-list-item elementor-repeater-item-8a53839\" itemprop=\"datePublished\">\n\t\t\t\t\t\t\t\t\t<span class=\"raven-icon-list-icon\">\n\t\t\t\t\t\t\t<i aria-hidden=\"true\" class=\"far fa-calendar-alt\"><\/i>\t\t\t\t\t<\/span>\n\t\t\t\t\t\t\t\t<span class=\"raven-icon-list-text raven-post-meta-item raven-post-meta-item-type-date\">\n\t\t\t\t\t\t\t\t\t\t25. 10. 2019\t\t\t\t\t<\/span>\n\t\t\t\t\t\t\t\t<\/li>\n\t\t\t\t<\/ul>\n\t\t\t\t\t\t<\/div>\n\t\t\t\t<\/div>\n\t\t\t\t\t<\/div>\n\t\t<\/div>\n\t\t\t\t<div class=\"elementor-column elementor-col-20 elementor-top-column elementor-element elementor-element-1ff295dd\" data-id=\"1ff295dd\" data-element_type=\"column\" data-e-type=\"column\">\n\t\t\t<div class=\"elementor-widget-wrap elementor-element-populated\">\n\t\t\t\t\t\t<div class=\"elementor-element elementor-element-28be4c elementor-mobile-align-center elementor-tablet-align-center elementor-widget elementor-widget-raven-post-meta\" data-id=\"28be4c\" data-element_type=\"widget\" data-e-type=\"widget\" data-widget_type=\"raven-post-meta.default\">\n\t\t\t\t<div class=\"elementor-widget-container\">\n\t\t\t\t\t\t\t<ul class=\"raven-icon-list-items raven-post-meta\">\n\t\t\t\t\t<li class=\"raven-icon-list-item elementor-repeater-item-8a53839\">\n\t\t\t\t\t\t\t\t\t<span class=\"raven-icon-list-icon\">\n\t\t\t\t\t\t\t<i aria-hidden=\"true\" class=\"far fa-hourglass\"><\/i>\t\t\t\t\t<\/span>\n\t\t\t\t\t\t\t\t<span class=\"raven-icon-list-text raven-post-meta-item raven-post-meta-item-type-custom\">\n\t\t\t\t\t\t\t\t\t\tLesezeit  4 Min.\t\t\t\t\t<\/span>\n\t\t\t\t\t\t\t\t<\/li>\n\t\t\t\t<\/ul>\n\t\t\t\t\t\t<\/div>\n\t\t\t\t<\/div>\n\t\t\t\t\t<\/div>\n\t\t<\/div>\n\t\t\t\t<div class=\"elementor-column elementor-col-20 elementor-top-column elementor-element elementor-element-32ed7a76 elementor-hidden-phone elementor-hidden-tablet\" data-id=\"32ed7a76\" data-element_type=\"column\" data-e-type=\"column\">\n\t\t\t<div class=\"elementor-widget-wrap\">\n\t\t\t\t\t\t\t<\/div>\n\t\t<\/div>\n\t\t\t\t<div class=\"elementor-column elementor-col-20 elementor-top-column elementor-element elementor-element-270a558a elementor-hidden-phone elementor-hidden-tablet\" data-id=\"270a558a\" data-element_type=\"column\" data-e-type=\"column\">\n\t\t\t<div class=\"elementor-widget-wrap\">\n\t\t\t\t\t\t\t<\/div>\n\t\t<\/div>\n\t\t\t\t\t<\/div>\n\t\t<\/section>\n\t\t\t\t<section class=\"elementor-section elementor-top-section elementor-element elementor-element-77364c36 elementor-section-boxed elementor-section-height-default elementor-section-height-default\" data-id=\"77364c36\" data-element_type=\"section\" data-e-type=\"section\" data-settings=\"{&quot;background_background&quot;:&quot;classic&quot;}\">\n\t\t\t\t\t\t<div class=\"elementor-container elementor-column-gap-default\">\n\t\t\t\t\t<div class=\"elementor-column elementor-col-100 elementor-top-column elementor-element elementor-element-1e73a23b\" data-id=\"1e73a23b\" data-element_type=\"column\" data-e-type=\"column\">\n\t\t\t<div class=\"elementor-widget-wrap elementor-element-populated\">\n\t\t\t\t\t\t<div class=\"elementor-element elementor-element-28d7c4ed elementor-widget-divider--view-line elementor-widget elementor-widget-divider\" data-id=\"28d7c4ed\" data-element_type=\"widget\" data-e-type=\"widget\" data-widget_type=\"divider.default\">\n\t\t\t\t<div class=\"elementor-widget-container\">\n\t\t\t\t\t\t\t<div class=\"elementor-divider\">\n\t\t\t<span class=\"elementor-divider-separator\">\n\t\t\t\t\t\t<\/span>\n\t\t<\/div>\n\t\t\t\t\t\t<\/div>\n\t\t\t\t<\/div>\n\t\t\t\t<div class=\"elementor-element elementor-element-6042e585 elementor-widget elementor-widget-text-editor\" data-id=\"6042e585\" data-element_type=\"widget\" data-e-type=\"widget\" data-widget_type=\"text-editor.default\">\n\t\t\t\t<div class=\"elementor-widget-container\">\n\t\t\t\t\t\t\t\t\t<p>Du bist auf der Suche nach der n\u00e4chsten Automobilmesse? Hier findest du nicht nur alle wichtigen Messetermine zum Thema Automobil und <a href=\"https:\/\/www.kennzeichenheld.de\/magazin\/faszination-tuning-in-deutschland\/\" data-internallinksmanager029f6b8e52c=\"26\" title=\"Faszination Tuning in Deutschland\">Tuning in Deutschland<\/a>, sondern auch welche Highlights dich dort erwarten!<\/p>\t\t\t\t\t\t\t\t<\/div>\n\t\t\t\t<\/div>\n\t\t\t\t<div class=\"elementor-element elementor-element-513160e8 elementor-widget elementor-widget-heading\" data-id=\"513160e8\" data-element_type=\"widget\" data-e-type=\"widget\" data-widget_type=\"heading.default\">\n\t\t\t\t<div class=\"elementor-widget-container\">\n\t\t\t\t\t<h2 class=\"elementor-heading-title elementor-size-default\">Autotage Hannover 29.01. \u2013 02.02.2020 <\/h2>\t\t\t\t<\/div>\n\t\t\t\t<\/div>\n\t\t\t\t<div class=\"elementor-element elementor-element-51276f76 elementor-widget elementor-widget-text-editor\" data-id=\"51276f76\" data-element_type=\"widget\" data-e-type=\"widget\" data-widget_type=\"text-editor.default\">\n\t\t\t\t<div class=\"elementor-widget-container\">\n\t\t\t\t\t\t\t\t\t<p>Die <a href=\"https:\/\/www.messeninfo.de\/Autotage-M9802\/Hannover.html\" rel=\"noopener\">Autotage Hannover<\/a> stellt alle aktuellen Modelle und Neuheiten, sowie Zubeh\u00f6re unterschiedlichster Automobilhersteller aus. Die Besucher finden hier Fahrzeuge in jeder Preisklasse und Karosserieform. Das Besondere hier: Besucher k\u00f6nnen vor Ort Probefahrten machen und auf dem Gel\u00e4ndewagen-Testparcours ihre Runden drehen.<\/p>\t\t\t\t\t\t\t\t<\/div>\n\t\t\t\t<\/div>\n\t\t\t\t<div class=\"elementor-element elementor-element-48ce08f elementor-widget elementor-widget-heading\" data-id=\"48ce08f\" data-element_type=\"widget\" data-e-type=\"widget\" data-widget_type=\"heading.default\">\n\t\t\t\t<div class=\"elementor-widget-container\">\n\t\t\t\t\t<h2 class=\"elementor-heading-title elementor-size-default\">Automobilmesse Erfurt 31.01. \u2013 02.02.2020 <\/h2>\t\t\t\t<\/div>\n\t\t\t\t<\/div>\n\t\t\t\t<div class=\"elementor-element elementor-element-7fcacf7 elementor-widget elementor-widget-text-editor\" data-id=\"7fcacf7\" data-element_type=\"widget\" data-e-type=\"widget\" data-widget_type=\"text-editor.default\">\n\t\t\t\t<div class=\"elementor-widget-container\">\n\t\t\t\t\t\t\t\t\t<p>Die <a href=\"https:\/\/www.automesse-erfurt.de\/\" rel=\"noopener\">Automobilmesse Erfurt<\/a> findet auf dem Messegel\u00e4nde Erfurt statt und umfasst die Themenbereiche Automobil, Motorsport, Tuning und Oldtimer. Zum Saisonstart kannst Du Dich vor Ort \u00fcber die neuesten Trends informieren. Neben zahlreichen Automarken und Herstellern von Zubeh\u00f6r stellen hier markenunabh\u00e4ngige Tuningfirmen aller Art ihre Produkte und Entwicklungen vor.<\/p>\t\t\t\t\t\t\t\t<\/div>\n\t\t\t\t<\/div>\n\t\t\t\t<div class=\"elementor-element elementor-element-c695342 elementor-widget elementor-widget-heading\" data-id=\"c695342\" data-element_type=\"widget\" data-e-type=\"widget\" data-widget_type=\"heading.default\">\n\t\t\t\t<div class=\"elementor-widget-container\">\n\t\t\t\t\t<h2 class=\"elementor-heading-title elementor-size-default\">Bremen Classic Motorshow 31.01. \u2013 02.02.2020<\/h2>\t\t\t\t<\/div>\n\t\t\t\t<\/div>\n\t\t\t\t<div class=\"elementor-element elementor-element-6247ea4 elementor-widget elementor-widget-text-editor\" data-id=\"6247ea4\" data-element_type=\"widget\" data-e-type=\"widget\" data-widget_type=\"text-editor.default\">\n\t\t\t\t<div class=\"elementor-widget-container\">\n\t\t\t\t\t\t\t\t\t<p>Die <a href=\"http:\/\/www.classicmotorshow.de\/home\/\" rel=\"noopener\">Bremen Classic Motorshow<\/a> bietet alles rund um das Thema Oldtimer. Hier treffen Liebhaber von historischen Automobilen, Motorr\u00e4dern, Youngtimern und historischem Motorsport aufeinander. Au\u00dferdem kannst Du Dir hier Tipps und Informationen zu Restaurierungen von Experten und Gleichgesinnten einholen.<\/p>\t\t\t\t\t\t\t\t<\/div>\n\t\t\t\t<\/div>\n\t\t\t\t<div class=\"elementor-element elementor-element-5d4f2fd elementor-widget elementor-widget-heading\" data-id=\"5d4f2fd\" data-element_type=\"widget\" data-e-type=\"widget\" data-widget_type=\"heading.default\">\n\t\t\t\t<div class=\"elementor-widget-container\">\n\t\t\t\t\t<h2 class=\"elementor-heading-title elementor-size-default\">Autotage Hamburg 05.02. \u2013 09.02.2020 <\/h2>\t\t\t\t<\/div>\n\t\t\t\t<\/div>\n\t\t\t\t<div class=\"elementor-element elementor-element-bec34a2 elementor-widget elementor-widget-text-editor\" data-id=\"bec34a2\" data-element_type=\"widget\" data-e-type=\"widget\" data-widget_type=\"text-editor.default\">\n\t\t\t\t<div class=\"elementor-widget-container\">\n\t\t\t\t\t\t\t\t\t<p><a href=\"https:\/\/www.autotage-hamburg.de\/tickets-preise\/\" rel=\"noopener\">Autotage Hamburg<\/a> ist Norddeutschlands gr\u00f6\u00dfte Neuwagen-Verkaufsmesse. H\u00e4ndler aus dem Umkreis pr\u00e4sentieren Neuwagen aller Bauarten und bieten den Besuchern eine professionelle Beratung. Auch direkte Modellvergleiche und Probefahrten geh\u00f6ren zu Ihrem Service.<\/p>\t\t\t\t\t\t\t\t<\/div>\n\t\t\t\t<\/div>\n\t\t\t\t<div class=\"elementor-element elementor-element-ec18897 elementor-widget elementor-widget-heading\" data-id=\"ec18897\" data-element_type=\"widget\" data-e-type=\"widget\" data-widget_type=\"heading.default\">\n\t\t\t\t<div class=\"elementor-widget-container\">\n\t\t\t\t\t<h2 class=\"elementor-heading-title elementor-size-default\">e-Mobilit\u00e4t Messe wiesbaden 14.02. \u2013 16.02.2020<\/h2>\t\t\t\t<\/div>\n\t\t\t\t<\/div>\n\t\t\t\t<div class=\"elementor-element elementor-element-f3eb3dd elementor-widget elementor-widget-text-editor\" data-id=\"f3eb3dd\" data-element_type=\"widget\" data-e-type=\"widget\" data-widget_type=\"text-editor.default\">\n\t\t\t\t<div class=\"elementor-widget-container\">\n\t\t\t\t\t\t\t\t\t<p>Alles rund um das Thema E-Mobilit\u00e4t. Auf der <a href=\"https:\/\/e-mobilitaet-messe.de\/\" rel=\"noopener\">e-Mobilit\u00e4t Messe in Wiesbaden<\/a> pr\u00e4sentieren Aussteller Produkte und Dienstleistungen, Batteriesysteme, Solar-Carports f\u00fcr private Haushalte und vieles mehr. Themenspezifische Vortr\u00e4ge und Sonderschauen machen aus der Messe einen Treffpunkt f\u00fcr Elektromobil-Interessierte und Elektromobilfahrern.<\/p>\t\t\t\t\t\t\t\t<\/div>\n\t\t\t\t<\/div>\n\t\t\t\t<div class=\"elementor-element elementor-element-53991a3 elementor-widget elementor-widget-heading\" data-id=\"53991a3\" data-element_type=\"widget\" data-e-type=\"widget\" data-widget_type=\"heading.default\">\n\t\t\t\t<div class=\"elementor-widget-container\">\n\t\t\t\t\t<h2 class=\"elementor-heading-title elementor-size-default\">Retro Classics Stuttgart 27.02. \u2013 01.03.2020<\/h2>\t\t\t\t<\/div>\n\t\t\t\t<\/div>\n\t\t\t\t<div class=\"elementor-element elementor-element-f977ae8 elementor-widget elementor-widget-text-editor\" data-id=\"f977ae8\" data-element_type=\"widget\" data-e-type=\"widget\" data-widget_type=\"text-editor.default\">\n\t\t\t\t<div class=\"elementor-widget-container\">\n\t\t\t\t\t\t\t\t\t<p><a href=\"https:\/\/www.retro-classics.de\/\" rel=\"noopener\">Retro Classics<\/a> ist die Messe f\u00fcr Fahrkultur. Hier treffen Oldtimer-Fans auf Automobil-Legenden aus aller Welt. Nationale und internationale Automobilhersteller, H\u00e4ndler, Sammler und Spezialisten treffen hier mit Oldtimern, Youngtimern, historischen Nutzfahrzeugen und vielem mehr aufeinander.<\/p>\t\t\t\t\t\t\t\t<\/div>\n\t\t\t\t<\/div>\n\t\t\t\t<div class=\"elementor-element elementor-element-c302c84 elementor-widget elementor-widget-heading\" data-id=\"c302c84\" data-element_type=\"widget\" data-e-type=\"widget\" data-widget_type=\"heading.default\">\n\t\t\t\t<div class=\"elementor-widget-container\">\n\t\t\t\t\t<h2 class=\"elementor-heading-title elementor-size-default\">Auto Camping Caravan Berlin 13.03. \u2013 15.03.2020 <\/h2>\t\t\t\t<\/div>\n\t\t\t\t<\/div>\n\t\t\t\t<div class=\"elementor-element elementor-element-6217e50 elementor-widget elementor-widget-text-editor\" data-id=\"6217e50\" data-element_type=\"widget\" data-e-type=\"widget\" data-widget_type=\"text-editor.default\">\n\t\t\t\t<div class=\"elementor-widget-container\">\n\t\t\t\t\t\t\t\t\t<p>Auf der <a href=\"http:\/\/auto-camping-caravan.de\/\" target=\"_blank\" rel=\"noreferrer noopener\">Caravan und Camping Verkaufsmesse<\/a> in Berlin findest Du neben Reisemobilen und Zugfahrzeugen auch Campingzubeh\u00f6r aller Art. Neben der gro\u00dfen Auswahl an Caravanen k\u00f6nnen die Besucher von wertvollen Tipps f\u00fcr den Campingurlaub mit dem Caravan oder Reisemobil von Ausstellern profitieren.<\/p>\t\t\t\t\t\t\t\t<\/div>\n\t\t\t\t<\/div>\n\t\t\t\t<div class=\"elementor-element elementor-element-53b73e0 elementor-widget elementor-widget-heading\" data-id=\"53b73e0\" data-element_type=\"widget\" data-e-type=\"widget\" data-widget_type=\"heading.default\">\n\t\t\t\t<div class=\"elementor-widget-container\">\n\t\t\t\t\t<h2 class=\"elementor-heading-title elementor-size-default\">AutoTrend Rostock 03.04. \u2013 05.04.2020<\/h2>\t\t\t\t<\/div>\n\t\t\t\t<\/div>\n\t\t\t\t<div class=\"elementor-element elementor-element-30f9e59 elementor-widget elementor-widget-text-editor\" data-id=\"30f9e59\" data-element_type=\"widget\" data-e-type=\"widget\" data-widget_type=\"text-editor.default\">\n\t\t\t\t<div class=\"elementor-widget-container\">\n\t\t\t\t\t\t\t\t\t<p>AutoTrend Rostock pr\u00e4sentiert mit mehr als 60 Ausstellern die neusten und aktuellsten Modelle von Pkw\u2019s, Nutz- und Freizeitfahrzeugen. Au\u00dferdem umfasst das Angebot auch Ersatzteile, Tuning, Hifi, Navigation und Zubeh\u00f6r. Der Oldtimertreff ist f\u00fcr viele der H\u00f6hepunkt der Veranstaltung. Mehr als 100 Oldtimer und getunte Autos finden auf der Messe zusammen.<\/p>\t\t\t\t\t\t\t\t<\/div>\n\t\t\t\t<\/div>\n\t\t\t\t<div class=\"elementor-element elementor-element-631ff6d7 elementor-arrows-position-inside elementor-pagination-position-outside elementor-widget elementor-widget-image-carousel\" data-id=\"631ff6d7\" data-element_type=\"widget\" data-e-type=\"widget\" data-settings=\"{&quot;autoplay&quot;:&quot;no&quot;,&quot;navigation&quot;:&quot;both&quot;,&quot;infinite&quot;:&quot;yes&quot;,&quot;speed&quot;:500}\" data-widget_type=\"image-carousel.default\">\n\t\t\t\t<div class=\"elementor-widget-container\">\n\t\t\t\t\t\t\t<div class=\"elementor-image-carousel-wrapper swiper\" role=\"region\" aria-roledescription=\"carousel\" aria-label=\"Bild Karussell\" dir=\"ltr\">\n\t\t\t<div class=\"elementor-image-carousel swiper-wrapper\" aria-live=\"polite\">\n\t\t\t\t\t\t\t\t<div class=\"swiper-slide\" role=\"group\" aria-roledescription=\"slide\" aria-label=\"1 von 5\"><figure class=\"swiper-slide-inner\"><img decoding=\"async\" class=\"swiper-slide-image\" src=\"https:\/\/www.kennzeichenheld.de\/magazin\/wp-content\/uploads\/carbon-kennzeichen-closeup.jpg\" alt=\"Individuelle Kennzeichen in Carbon\" \/><\/figure><\/div><div class=\"swiper-slide\" role=\"group\" aria-roledescription=\"slide\" aria-label=\"2 von 5\"><figure class=\"swiper-slide-inner\"><img decoding=\"async\" class=\"swiper-slide-image\" src=\"https:\/\/www.kennzeichenheld.de\/magazin\/wp-content\/uploads\/3d-kennzeichen-audi-1.jpg\" alt=\"3D-Kennzeichen am Audi\" \/><\/figure><\/div><div class=\"swiper-slide\" role=\"group\" aria-roledescription=\"slide\" aria-label=\"3 von 5\"><figure class=\"swiper-slide-inner\"><img decoding=\"async\" class=\"swiper-slide-image\" src=\"https:\/\/www.kennzeichenheld.de\/magazin\/wp-content\/uploads\/3d-kennzeichen-sportwagen.jpg\" alt=\"Individuelles 3D-Kennzeichen f\u00fcr Sportwagen\" \/><\/figure><\/div><div class=\"swiper-slide\" role=\"group\" aria-roledescription=\"slide\" aria-label=\"4 von 5\"><figure class=\"swiper-slide-inner\"><img decoding=\"async\" class=\"swiper-slide-image\" src=\"https:\/\/www.kennzeichenheld.de\/magazin\/wp-content\/uploads\/kurzes-kennzeichen-kunststoff.jpg\" alt=\"Kurze Kennzeichen individuell\" \/><\/figure><\/div><div class=\"swiper-slide\" role=\"group\" aria-roledescription=\"slide\" aria-label=\"5 von 5\"><figure class=\"swiper-slide-inner\"><img decoding=\"async\" class=\"swiper-slide-image\" src=\"https:\/\/www.kennzeichenheld.de\/magazin\/wp-content\/uploads\/3d-kennzeichen-cupra-1.jpg\" alt=\"3D-Kennzeichen am Cupra\" \/><\/figure><\/div>\t\t\t<\/div>\n\t\t\t\t\t\t\t\t\t\t\t\t<div class=\"elementor-swiper-button elementor-swiper-button-prev\" role=\"button\" tabindex=\"0\">\n\t\t\t\t\t\t<i aria-hidden=\"true\" class=\"eicon-chevron-left\"><\/i>\t\t\t\t\t<\/div>\n\t\t\t\t\t<div class=\"elementor-swiper-button elementor-swiper-button-next\" role=\"button\" tabindex=\"0\">\n\t\t\t\t\t\t<i aria-hidden=\"true\" class=\"eicon-chevron-right\"><\/i>\t\t\t\t\t<\/div>\n\t\t\t\t\n\t\t\t\t\t\t\t\t\t<div class=\"swiper-pagination\"><\/div>\n\t\t\t\t\t\t\t\t\t<\/div>\n\t\t\t\t\t\t<\/div>\n\t\t\t\t<\/div>\n\t\t\t\t<div class=\"elementor-element elementor-element-1ff27b8 elementor-widget elementor-widget-heading\" data-id=\"1ff27b8\" data-element_type=\"widget\" data-e-type=\"widget\" data-widget_type=\"heading.default\">\n\t\t\t\t<div class=\"elementor-widget-container\">\n\t\t\t\t\t<h2 class=\"elementor-heading-title elementor-size-default\">Tuning World Bodensee 30.04. \u2013 03.05.2020<\/h2>\t\t\t\t<\/div>\n\t\t\t\t<\/div>\n\t\t\t\t<div class=\"elementor-element elementor-element-c72e191 elementor-widget elementor-widget-text-editor\" data-id=\"c72e191\" data-element_type=\"widget\" data-e-type=\"widget\" data-widget_type=\"text-editor.default\">\n\t\t\t\t<div class=\"elementor-widget-container\">\n\t\t\t\t\t\t\t\t\t<p>Auf der <a href=\"https:\/\/www.tuningworldbodensee.de\/\" rel=\"noopener\">Tuning World am Bodensee<\/a> (Messe Friedrichshafen) kommen Tuner mit ihren getunten Autos zusammen. Sie ist Europas gr\u00f6\u00dfte Tuning-Messe, auf der sich alles um Autotuning, Lifestyle und die Club-Szene dreht. Entsprechend dem Motto der Messe: \u201eLasst uns Spa\u00df haben\u201c, ist sie bekannt f\u00fcr den Mix aus Ausstellung, Party und Show!<\/p>\t\t\t\t\t\t\t\t<\/div>\n\t\t\t\t<\/div>\n\t\t\t\t<div class=\"elementor-element elementor-element-a26595c elementor-widget elementor-widget-heading\" data-id=\"a26595c\" data-element_type=\"widget\" data-e-type=\"widget\" data-widget_type=\"heading.default\">\n\t\t\t\t<div class=\"elementor-widget-container\">\n\t\t\t\t\t<h2 class=\"elementor-heading-title elementor-size-default\">Motorworld Classics Bodensee 08.05. \u2013 10.05.2020<\/h2>\t\t\t\t<\/div>\n\t\t\t\t<\/div>\n\t\t\t\t<div class=\"elementor-element elementor-element-d71d492 elementor-widget elementor-widget-text-editor\" data-id=\"d71d492\" data-element_type=\"widget\" data-e-type=\"widget\" data-widget_type=\"text-editor.default\">\n\t\t\t\t<div class=\"elementor-widget-container\">\n\t\t\t\t\t\t\t\t\t<p>Auf der <a href=\"https:\/\/www.motorworld-classics-bodensee.de\/\" rel=\"noopener\">Motorworld Classics<\/a> in Friedrichshafen pr\u00e4sentieren Aussteller, Clubs und Teams historische Fahrzeuge, Dienstleistungen, Ersatzteile und Zubeh\u00f6r. Oldtimer-Fans finden hier klassische Rennfahrzeuge, klassische Flugzeuge, Boote, Motorr\u00e4der und auch Traktoren.<\/p>\t\t\t\t\t\t\t\t<\/div>\n\t\t\t\t<\/div>\n\t\t\t\t<div class=\"elementor-element elementor-element-b2fda01 elementor-widget elementor-widget-heading\" data-id=\"b2fda01\" data-element_type=\"widget\" data-e-type=\"widget\" data-widget_type=\"heading.default\">\n\t\t\t\t<div class=\"elementor-widget-container\">\n\t\t\t\t\t<h2 class=\"elementor-heading-title elementor-size-default\">Frankfurter Automobilausstellung 17.05.2020<\/h2>\t\t\t\t<\/div>\n\t\t\t\t<\/div>\n\t\t\t\t<div class=\"elementor-element elementor-element-62fa7b5 elementor-widget elementor-widget-text-editor\" data-id=\"62fa7b5\" data-element_type=\"widget\" data-e-type=\"widget\" data-widget_type=\"text-editor.default\">\n\t\t\t\t<div class=\"elementor-widget-container\">\n\t\t\t\t\t\t\t\t\t<p>Die<a href=\"https:\/\/www.frankfurter-automobil-ausstellung.de\/\" rel=\"noopener\"> Frankfurter Automobilausstellung<\/a> ist eine Neuwagenausstellung bei der, Du Dich bei Herstellern und regionalen Autoh\u00e4ndlern fachkundig beraten und informieren lassen kannst. Neben aller Bauarten findest Du bei der Sonderschau \u201eElektromobilit\u00e4t \u2013 Erleben was die Zukunft bewegt\u201c eine gro\u00dfe Auswahl auch an Elektroautos. E-Bikes und Segways k\u00f6nnen ebenso vor Ort getestet werden.<\/p>\t\t\t\t\t\t\t\t<\/div>\n\t\t\t\t<\/div>\n\t\t\t\t<div class=\"elementor-element elementor-element-d255671 elementor-widget elementor-widget-heading\" data-id=\"d255671\" data-element_type=\"widget\" data-e-type=\"widget\" data-widget_type=\"heading.default\">\n\t\t\t\t<div class=\"elementor-widget-container\">\n\t\t\t\t\t<h2 class=\"elementor-heading-title elementor-size-default\">Treffen am W\u00f6rthersee Reifnitz 20.05. \u2013 23.05.2020<\/h2>\t\t\t\t<\/div>\n\t\t\t\t<\/div>\n\t\t\t\t<div class=\"elementor-element elementor-element-0e5a0ca elementor-widget elementor-widget-text-editor\" data-id=\"0e5a0ca\" data-element_type=\"widget\" data-e-type=\"widget\" data-widget_type=\"text-editor.default\">\n\t\t\t\t<div class=\"elementor-widget-container\">\n\t\t\t\t\t\t\t\t\t<p>Das <a href=\"https:\/\/woertherseetreffen.at\/\" rel=\"noopener\">Treffen am W\u00f6rthersee<\/a> in Reifnitz ist mit \u00fcber 200.000 Besuchern eine der beliebtesten Veranstaltungen f\u00fcr Fans von Volkswagen-Marken VW, Audi, Skoda und Seat. Seit Jahren kommen aber auch Fahrer anderer Automobilhersteller gerne zum W\u00f6rthersee-Treffen. Zu Beginn der Veranstaltung gibt es jedes Jahr ein Er\u00f6ffnungscorso mit prominenten G\u00e4sten. Das Programm ist so vielf\u00e4ltig wie die Besucher selbst. F\u00fcr jeden Geschmack ist etwas dabei.<\/p>\t\t\t\t\t\t\t\t<\/div>\n\t\t\t\t<\/div>\n\t\t\t\t<div class=\"elementor-element elementor-element-b70c5bb elementor-widget elementor-widget-heading\" data-id=\"b70c5bb\" data-element_type=\"widget\" data-e-type=\"widget\" data-widget_type=\"heading.default\">\n\t\t\t\t<div class=\"elementor-widget-container\">\n\t\t\t\t\t<h2 class=\"elementor-heading-title elementor-size-default\">Abenteuer &amp; Allrad Bad Kissingen 11.06. \u2013 14.06.2020<\/h2>\t\t\t\t<\/div>\n\t\t\t\t<\/div>\n\t\t\t\t<div class=\"elementor-element elementor-element-5eae518 elementor-widget elementor-widget-text-editor\" data-id=\"5eae518\" data-element_type=\"widget\" data-e-type=\"widget\" data-widget_type=\"text-editor.default\">\n\t\t\t\t<div class=\"elementor-widget-container\">\n\t\t\t\t\t\t\t\t\t<p>Die <a href=\"https:\/\/www.abenteuer-allrad.de\/\" rel=\"noopener\">Abenteuer &amp; Allrad Messe in Bad Kissingen <\/a>bringt Aussteller aus aller Welt zusammen und pr\u00e4sentiert das gesamte Angebotsspektrum der internationalen Off-Road- und Outdoor-Szene. Neben 4\u00d74-Serienfahrzeugen, Quads, ATVs, Pickups und Co. findest Du hier auch Ersatzteile und Zubeh\u00f6r.<\/p>\t\t\t\t\t\t\t\t<\/div>\n\t\t\t\t<\/div>\n\t\t\t\t<div class=\"elementor-element elementor-element-e299c21 elementor-widget elementor-widget-heading\" data-id=\"e299c21\" data-element_type=\"widget\" data-e-type=\"widget\" data-widget_type=\"heading.default\">\n\t\t\t\t<div class=\"elementor-widget-container\">\n\t\t\t\t\t<h2 class=\"elementor-heading-title elementor-size-default\">Syndikat Asphaltfieber Obermehler 9.07. \u2013 12.07.2020<\/h2>\t\t\t\t<\/div>\n\t\t\t\t<\/div>\n\t\t\t\t<div class=\"elementor-element elementor-element-2a63884 elementor-widget elementor-widget-text-editor\" data-id=\"2a63884\" data-element_type=\"widget\" data-e-type=\"widget\" data-widget_type=\"text-editor.default\">\n\t\t\t\t<div class=\"elementor-widget-container\">\n\t\t\t\t\t\t\t\t\t<p><a href=\"https:\/\/www.syndikat-asphaltfieber.de\/\" rel=\"noopener\">Syndikat Asphaltfieber<\/a> ist das weltgr\u00f6\u00dfte Tuning-Treffen f\u00fcr BMW- und Mini-Fans. Neben 1\/4 Meile Rennen findet ihr hier auch eine gigantische H\u00e4ndlermeile, Driftl\u00e4ufe, Battles und Entertainment in der Arena.<\/p>\t\t\t\t\t\t\t\t<\/div>\n\t\t\t\t<\/div>\n\t\t\t\t<div class=\"elementor-element elementor-element-07d1212 elementor-widget elementor-widget-heading\" data-id=\"07d1212\" data-element_type=\"widget\" data-e-type=\"widget\" data-widget_type=\"heading.default\">\n\t\t\t\t<div class=\"elementor-widget-container\">\n\t\t\t\t\t<h2 class=\"elementor-heading-title elementor-size-default\">Performance &amp; Style Days Hannover 24.07. \u2013 26.07.2020<\/h2>\t\t\t\t<\/div>\n\t\t\t\t<\/div>\n\t\t\t\t<div class=\"elementor-element elementor-element-6cf3f88 elementor-widget elementor-widget-text-editor\" data-id=\"6cf3f88\" data-element_type=\"widget\" data-e-type=\"widget\" data-widget_type=\"text-editor.default\">\n\t\t\t\t<div class=\"elementor-widget-container\">\n\t\t\t\t\t\t\t\t\t<p>Die<a href=\"https:\/\/www.psdays.com\/\" rel=\"noopener\"> Perfomance &amp; Style Days <\/a>umfasst die Segmente Motorsport, Tuning, Individualisierung und Communities. Der Mix aus Ausstellung, Show, Workshop-Programmen, Privat Cars und Community-Treffen machen es zu etwas ganz Besonderem. Hier findest Du alles zum Thema Veredelung und Leistungssteigerung f\u00fcr Autos und auch Motorr\u00e4der.<\/p>\t\t\t\t\t\t\t\t<\/div>\n\t\t\t\t<\/div>\n\t\t\t\t<div class=\"elementor-element elementor-element-cd21b1b elementor-widget elementor-widget-heading\" data-id=\"cd21b1b\" data-element_type=\"widget\" data-e-type=\"widget\" data-widget_type=\"heading.default\">\n\t\t\t\t<div class=\"elementor-widget-container\">\n\t\t\t\t\t<h2 class=\"elementor-heading-title elementor-size-default\">Internationale Automobil-Ausstellung (IAA) Nutzfahrzeuge Hannover 24.09. \u2013 30.09.2020 <\/h2>\t\t\t\t<\/div>\n\t\t\t\t<\/div>\n\t\t\t\t<div class=\"elementor-element elementor-element-5f410b7 elementor-widget elementor-widget-text-editor\" data-id=\"5f410b7\" data-element_type=\"widget\" data-e-type=\"widget\" data-widget_type=\"text-editor.default\">\n\t\t\t\t<div class=\"elementor-widget-container\">\n\t\t\t\t\t\t\t\t\t<p>Die <a href=\"https:\/\/www.iaa.de\/de\/nfz\" rel=\"noopener\">IAA Nutzfahrzeuge<\/a> ist die weltweit f\u00fchrende Ausstellung f\u00fcr Transport, Logistik und Mobilit\u00e4t. Hier findest Du Hersteller und mittelst\u00e4ndige Zulieferer, die das Potenzial f\u00fcr mehr Transporteffizienz, Umweltschutz und Sicherheit f\u00fcr die Branche pr\u00e4sentieren. Neben der Ausstellung werden auch verschiedene Fachveranstaltungen zu aktuellen Transport- und Nutzfahrzeugthemen geboten.<\/p>\t\t\t\t\t\t\t\t<\/div>\n\t\t\t\t<\/div>\n\t\t\t\t<div class=\"elementor-element elementor-element-264c3ee elementor-widget elementor-widget-heading\" data-id=\"264c3ee\" data-element_type=\"widget\" data-e-type=\"widget\" data-widget_type=\"heading.default\">\n\t\t\t\t<div class=\"elementor-widget-container\">\n\t\t\t\t\t<h2 class=\"elementor-heading-title elementor-size-default\">Essen Motor Show 27.11. \u2013 06.12.2020<\/h2>\t\t\t\t<\/div>\n\t\t\t\t<\/div>\n\t\t\t\t<div class=\"elementor-element elementor-element-d809d4b elementor-widget elementor-widget-text-editor\" data-id=\"d809d4b\" data-element_type=\"widget\" data-e-type=\"widget\" data-widget_type=\"text-editor.default\">\n\t\t\t\t<div class=\"elementor-widget-container\">\n\t\t\t\t\t\t\t\t\t<p>Die <a href=\"https:\/\/www.essen-motorshow.de\/automobilmesse\/\" rel=\"noopener\">Essen Motor Show<\/a>, auch genannt EMS, ist eine internationale Messe, bei der j\u00e4hrlich ein gro\u00dfes Angebotsspektrum pr\u00e4sentiert wird, das aus f\u00fcnf Themenbereichen besteht: Tuning, Motorsport, sportliche Serienautomobile, Classic Cars sowei auch Motorr\u00e4der. Den Besuchern wird neben der Ausstellung ein riesiger Motorsport-Bereich mit einer Motorsport-Arena f\u00fcr Live-Fahrvorf\u00fchrungen geboten. Doch auch f\u00fcr Oldtimer-Fans gibt es im Classic und Prestige Salon etwas zu gucken.<\/p>\t\t\t\t\t\t\t\t<\/div>\n\t\t\t\t<\/div>\n\t\t\t\t\t<\/div>\n\t\t<\/div>\n\t\t\t\t\t<\/div>\n\t\t<\/section>\n\t\t\t\t<section class=\"elementor-section elementor-top-section elementor-element elementor-element-3ae3f974 elementor-section-boxed elementor-section-height-default elementor-section-height-default\" data-id=\"3ae3f974\" data-element_type=\"section\" data-e-type=\"section\" data-settings=\"{&quot;background_background&quot;:&quot;classic&quot;}\">\n\t\t\t\t\t\t<div class=\"elementor-container elementor-column-gap-default\">\n\t\t\t\t\t<div class=\"elementor-column elementor-col-100 elementor-top-column elementor-element elementor-element-28f3dde8\" data-id=\"28f3dde8\" data-element_type=\"column\" data-e-type=\"column\">\n\t\t\t<div class=\"elementor-widget-wrap elementor-element-populated\">\n\t\t\t\t\t\t<div class=\"elementor-element elementor-element-3af56365 elementor-widget elementor-widget-video\" data-id=\"3af56365\" data-element_type=\"widget\" data-e-type=\"widget\" data-settings=\"{&quot;youtube_url&quot;:&quot;https:\\\/\\\/www.youtube.com\\\/watch?v=gs6qY9SjBYk&quot;,&quot;video_type&quot;:&quot;youtube&quot;,&quot;controls&quot;:&quot;yes&quot;}\" data-widget_type=\"video.default\">\n\t\t\t\t<div class=\"elementor-widget-container\">\n\t\t\t\t\t\t\t<div class=\"elementor-wrapper elementor-open-inline\">\n\t\t\t<div class=\"elementor-video\"><\/div>\t\t<\/div>\n\t\t\t\t\t\t<\/div>\n\t\t\t\t<\/div>\n\t\t\t\t<div class=\"elementor-element elementor-element-1ddfec3b elementor-widget elementor-widget-spacer\" data-id=\"1ddfec3b\" data-element_type=\"widget\" data-e-type=\"widget\" data-widget_type=\"spacer.default\">\n\t\t\t\t<div class=\"elementor-widget-container\">\n\t\t\t\t\t\t\t<div class=\"elementor-spacer\">\n\t\t\t<div class=\"elementor-spacer-inner\"><\/div>\n\t\t<\/div>\n\t\t\t\t\t\t<\/div>\n\t\t\t\t<\/div>\n\t\t\t\t<div class=\"elementor-element elementor-element-724fd538 elementor-widget elementor-widget-heading\" data-id=\"724fd538\" data-element_type=\"widget\" data-e-type=\"widget\" data-widget_type=\"heading.default\">\n\t\t\t\t<div class=\"elementor-widget-container\">\n\t\t\t\t\t<h3 class=\"elementor-heading-title elementor-size-default\">Empfohlene Beitr\u00e4ge<\/h3>\t\t\t\t<\/div>\n\t\t\t\t<\/div>\n\t\t\t\t<div class=\"elementor-element elementor-element-4e7d5858 elementor-widget elementor-widget-raven-posts\" data-id=\"4e7d5858\" data-element_type=\"widget\" data-e-type=\"widget\" data-settings=\"{&quot;query_posts_per_page&quot;:3,&quot;_skin&quot;:&quot;classic&quot;,&quot;classic_layout&quot;:&quot;grid&quot;,&quot;classic_columns&quot;:&quot;3&quot;,&quot;classic_columns_tablet&quot;:&quot;2&quot;,&quot;classic_columns_mobile&quot;:&quot;1&quot;,&quot;query_offset&quot;:0}\" data-widget_type=\"raven-posts.classic\">\n\t\t\t\t<div class=\"elementor-widget-container\">\n\t\t\t\t\t\t\t<div class=\"raven-posts raven-grid raven-grid-3 raven-grid-mobile-1 raven-grid-tablet-2\" data-post-id=\"1019\" data-archive-query=\"\" data-lang=\"\">\n\t\t\t\t<div class=\"raven-grid-item raven-post-item post-11652 post type-post status-publish format-standard has-post-thumbnail hentry category-wissen-recht\">\n\t\t\t<div class=\"raven-post\">\n\t\t\t\t\t\t<div class=\"raven-post-image-wrap\">\n\t\t\t<a class=\"raven-post-image raven-image-fit\" href=\"https:\/\/www.kennzeichenheld.de\/magazin\/bestes-leasingangebot-erkennen\/\"><img loading=\"lazy\" decoding=\"async\" width=\"550\" height=\"550\" src=\"https:\/\/www.kennzeichenheld.de\/magazin\/wp-content\/uploads\/audi-kennzeichen-elektro.jpg\" class=\"attachment-full size-full wp-image-9102\" alt=\"\" srcset=\"https:\/\/www.kennzeichenheld.de\/magazin\/wp-content\/uploads\/audi-kennzeichen-elektro.jpg 550w, https:\/\/www.kennzeichenheld.de\/magazin\/wp-content\/uploads\/audi-kennzeichen-elektro-300x300.jpg 300w, https:\/\/www.kennzeichenheld.de\/magazin\/wp-content\/uploads\/audi-kennzeichen-elektro-150x150.jpg 150w, https:\/\/www.kennzeichenheld.de\/magazin\/wp-content\/uploads\/audi-kennzeichen-elektro-500x500.jpg 500w\" sizes=\"auto, (max-width: 550px) 100vw, 550px\" \/> <span class=\"raven-post-image-overlay\"><\/span><\/a>\t\t<\/div>\n\t\t\t\t\t\t<div class=\"raven-post-content\">\n\t\t\t\t\t<span class=\"raven-post-title\"><a class=\"raven-post-title-link\" href=\"https:\/\/www.kennzeichenheld.de\/magazin\/bestes-leasingangebot-erkennen\/\">Leasing im Check: F\u00fcr das beste Angebot<\/a><\/span>\t\t<div class=\"raven-post-read-more\">\n\t\t\t<a class=\"raven-post-button\" href=\"https:\/\/www.kennzeichenheld.de\/magazin\/bestes-leasingangebot-erkennen\/\"><span class=\"raven-post-button-text\">mehr erfahren<\/span><\/a>\n\t\t<\/div>\n\t\t\t\t\t\t<\/div>\n\t\t\t<\/div>\n\t\t<\/div>\n\t\t\t\t<div class=\"raven-grid-item raven-post-item post-11406 post type-post status-publish format-standard has-post-thumbnail hentry category-wissen-recht\">\n\t\t\t<div class=\"raven-post\">\n\t\t\t\t\t\t<div class=\"raven-post-image-wrap\">\n\t\t\t<a class=\"raven-post-image raven-image-fit\" href=\"https:\/\/www.kennzeichenheld.de\/magazin\/mit-dem-e-auto-durch-die-stadt\/\"><img loading=\"lazy\" decoding=\"async\" width=\"1320\" height=\"400\" src=\"https:\/\/www.kennzeichenheld.de\/magazin\/wp-content\/uploads\/3d-e-kennzeichen.jpg\" class=\"attachment-full size-full wp-image-4265\" alt=\"3D E-Kennzeichen\" srcset=\"https:\/\/www.kennzeichenheld.de\/magazin\/wp-content\/uploads\/3d-e-kennzeichen.jpg 1320w, https:\/\/www.kennzeichenheld.de\/magazin\/wp-content\/uploads\/3d-e-kennzeichen-300x91.jpg 300w, https:\/\/www.kennzeichenheld.de\/magazin\/wp-content\/uploads\/3d-e-kennzeichen-1024x310.jpg 1024w, https:\/\/www.kennzeichenheld.de\/magazin\/wp-content\/uploads\/3d-e-kennzeichen-768x233.jpg 768w\" sizes=\"auto, (max-width: 1320px) 100vw, 1320px\" \/> <span class=\"raven-post-image-overlay\"><\/span><\/a>\t\t<\/div>\n\t\t\t\t\t\t<div class=\"raven-post-content\">\n\t\t\t\t\t<span class=\"raven-post-title\"><a class=\"raven-post-title-link\" href=\"https:\/\/www.kennzeichenheld.de\/magazin\/mit-dem-e-auto-durch-die-stadt\/\">Mit dem E-Auto durch die Stadt<\/a><\/span>\t\t<div class=\"raven-post-read-more\">\n\t\t\t<a class=\"raven-post-button\" href=\"https:\/\/www.kennzeichenheld.de\/magazin\/mit-dem-e-auto-durch-die-stadt\/\"><span class=\"raven-post-button-text\">mehr erfahren<\/span><\/a>\n\t\t<\/div>\n\t\t\t\t\t\t<\/div>\n\t\t\t<\/div>\n\t\t<\/div>\n\t\t\t\t<div class=\"raven-grid-item raven-post-item post-11386 post type-post status-publish format-standard has-post-thumbnail hentry category-wissen-recht\">\n\t\t\t<div class=\"raven-post\">\n\t\t\t\t\t\t<div class=\"raven-post-image-wrap\">\n\t\t\t<a class=\"raven-post-image raven-image-fit\" href=\"https:\/\/www.kennzeichenheld.de\/magazin\/auto-bewerten-so-gehst-du-vor\/\"><img loading=\"lazy\" decoding=\"async\" width=\"1320\" height=\"400\" src=\"https:\/\/www.kennzeichenheld.de\/magazin\/wp-content\/uploads\/zombie-hunter.jpg\" class=\"attachment-full size-full wp-image-1659\" alt=\"\" srcset=\"https:\/\/www.kennzeichenheld.de\/magazin\/wp-content\/uploads\/zombie-hunter.jpg 1320w, https:\/\/www.kennzeichenheld.de\/magazin\/wp-content\/uploads\/zombie-hunter-300x91.jpg 300w, https:\/\/www.kennzeichenheld.de\/magazin\/wp-content\/uploads\/zombie-hunter-1024x310.jpg 1024w, https:\/\/www.kennzeichenheld.de\/magazin\/wp-content\/uploads\/zombie-hunter-768x233.jpg 768w\" sizes=\"auto, (max-width: 1320px) 100vw, 1320px\" \/> <span class=\"raven-post-image-overlay\"><\/span><\/a>\t\t<\/div>\n\t\t\t\t\t\t<div class=\"raven-post-content\">\n\t\t\t\t\t<span class=\"raven-post-title\"><a class=\"raven-post-title-link\" href=\"https:\/\/www.kennzeichenheld.de\/magazin\/auto-bewerten-so-gehst-du-vor\/\">Auto bewerten: So gehst du vor!<\/a><\/span>\t\t<div class=\"raven-post-read-more\">\n\t\t\t<a class=\"raven-post-button\" href=\"https:\/\/www.kennzeichenheld.de\/magazin\/auto-bewerten-so-gehst-du-vor\/\"><span class=\"raven-post-button-text\">mehr erfahren<\/span><\/a>\n\t\t<\/div>\n\t\t\t\t\t\t<\/div>\n\t\t\t<\/div>\n\t\t<\/div>\n\t\t\t\t<\/div>\n\t\t\t\t\t\t<\/div>\n\t\t\t\t<\/div>\n\t\t\t\t<div class=\"elementor-element elementor-element-4657272b elementor-align-center elementor-widget elementor-widget-button\" data-id=\"4657272b\" data-element_type=\"widget\" data-e-type=\"widget\" data-widget_type=\"button.default\">\n\t\t\t\t<div class=\"elementor-widget-container\">\n\t\t\t\t\t\t\t\t\t<div class=\"elementor-button-wrapper\">\n\t\t\t\t\t<a class=\"elementor-button elementor-button-link elementor-size-md\" href=\"https:\/\/www.kennzeichenheld.de\/\">\n\t\t\t\t\t\t<span class=\"elementor-button-content-wrapper\">\n\t\t\t\t\t\t\t\t\t<span class=\"elementor-button-text\">zum Shop<\/span>\n\t\t\t\t\t<\/span>\n\t\t\t\t\t<\/a>\n\t\t\t\t<\/div>\n\t\t\t\t\t\t\t\t<\/div>\n\t\t\t\t<\/div>\n\t\t\t\t\t<\/div>\n\t\t<\/div>\n\t\t\t\t\t<\/div>\n\t\t<\/section>\n\t\t\t\t<\/div>\n\t\t","protected":false},"excerpt":{"rendered":"<p>Automessen in Deutschland 2020 Messen &amp; Events 25. 10. 2019 Lesezeit 4 Min. Du bist auf der Suche nach der n\u00e4chsten Automobilmesse? Hier findest du nicht nur alle wichtigen Messetermine zum Thema Automobil und Tuning in Deutschland, sondern auch welche Highlights dich dort erwarten! Autotage Hannover 29.01. \u2013 02.02.2020 Die Autotage Hannover stellt alle aktuellen [&hellip;]<\/p>\n","protected":false},"author":4,"featured_media":1651,"comment_status":"open","ping_status":"open","sticky":false,"template":"","format":"standard","meta":{"_acf_changed":false,"footnotes":""},"categories":[9],"tags":[],"class_list":["post-1019","post","type-post","status-publish","format-standard","has-post-thumbnail","hentry","category-messen-events"],"acf":[],"_links":{"self":[{"href":"https:\/\/www.kennzeichenheld.de\/magazin\/wp-json\/wp\/v2\/posts\/1019","targetHints":{"allow":["GET"]}}],"collection":[{"href":"https:\/\/www.kennzeichenheld.de\/magazin\/wp-json\/wp\/v2\/posts"}],"about":[{"href":"https:\/\/www.kennzeichenheld.de\/magazin\/wp-json\/wp\/v2\/types\/post"}],"author":[{"embeddable":true,"href":"https:\/\/www.kennzeichenheld.de\/magazin\/wp-json\/wp\/v2\/users\/4"}],"replies":[{"embeddable":true,"href":"https:\/\/www.kennzeichenheld.de\/magazin\/wp-json\/wp\/v2\/comments?post=1019"}],"version-history":[{"count":4,"href":"https:\/\/www.kennzeichenheld.de\/magazin\/wp-json\/wp\/v2\/posts\/1019\/revisions"}],"predecessor-version":[{"id":9880,"href":"https:\/\/www.kennzeichenheld.de\/magazin\/wp-json\/wp\/v2\/posts\/1019\/revisions\/9880"}],"wp:featuredmedia":[{"embeddable":true,"href":"https:\/\/www.kennzeichenheld.de\/magazin\/wp-json\/wp\/v2\/media\/1651"}],"wp:attachment":[{"href":"https:\/\/www.kennzeichenheld.de\/magazin\/wp-json\/wp\/v2\/media?parent=1019"}],"wp:term":[{"taxonomy":"category","embeddable":true,"href":"https:\/\/www.kennzeichenheld.de\/magazin\/wp-json\/wp\/v2\/categories?post=1019"},{"taxonomy":"post_tag","embeddable":true,"href":"https:\/\/www.kennzeichenheld.de\/magazin\/wp-json\/wp\/v2\/tags?post=1019"}],"curies":[{"name":"wp","href":"https:\/\/api.w.org\/{rel}","templated":true}]}}